{"id":1641,"date":"2020-06-07T14:10:58","date_gmt":"2020-06-07T12:10:58","guid":{"rendered":"https:\/\/emdr-ch.org\/?p=1641"},"modified":"2020-10-03T08:27:30","modified_gmt":"2020-10-03T06:27:30","slug":"abgesagt-emdr-europe-kongress-5-7-juni-2020-berlin-2","status":"publish","type":"post","link":"https:\/\/emdr-ch.org\/fr\/abgesagt-emdr-europe-kongress-5-7-juni-2020-berlin-2\/","title":{"rendered":"Annul\u00e9 : Congr\u00e8s EMDR Europe du 5 au 7 juin 2020 \u00e0 Berlin"},"content":{"rendered":"<p>Comme vous le savez d\u00e9j\u00e0, le congr\u00e8s EMDR Europe de cette ann\u00e9e, qui devait se tenir \u00e0 Berlin, a d\u00fb \u00eatre annul\u00e9 en raison de la pand\u00e9mie. D\u00e8s que nous aurons des informations sur le lieu et la date de 2021, nous vous en informerons.<\/p>\n","protected":false},"excerpt":{"rendered":"<p>Comme vous le savez d\u00e9j\u00e0, le congr\u00e8s EMDR Europe de cette ann\u00e9e, qui devait se tenir \u00e0 Berlin, a d\u00fb \u00eatre annul\u00e9 en raison de la pand\u00e9mie. D\u00e8s que nous aurons des informations sur le lieu et la date de 2021, nous vous en informerons.<\/p>\n","protected":false},"author":4,"featured_media":1632,"comment_status":"closed","ping_status":"open","sticky":false,"template":"","format":"standard","meta":{"footnotes":""},"categories":[23],"tags":[],"class_list":["post-1641","post","type-post","status-publish","format-standard","has-post-thumbnail","hentry","category-news-fr"],"_links":{"self":[{"href":"https:\/\/emdr-ch.org\/fr\/wp-json\/wp\/v2\/posts\/1641","targetHints":{"allow":["GET"]}}],"collection":[{"href":"https:\/\/emdr-ch.org\/fr\/wp-json\/wp\/v2\/posts"}],"about":[{"href":"https:\/\/emdr-ch.org\/fr\/wp-json\/wp\/v2\/types\/post"}],"author":[{"embeddable":true,"href":"https:\/\/emdr-ch.org\/fr\/wp-json\/wp\/v2\/users\/4"}],"replies":[{"embeddable":true,"href":"https:\/\/emdr-ch.org\/fr\/wp-json\/wp\/v2\/comments?post=1641"}],"version-history":[{"count":3,"href":"https:\/\/emdr-ch.org\/fr\/wp-json\/wp\/v2\/posts\/1641\/revisions"}],"predecessor-version":[{"id":1652,"href":"https:\/\/emdr-ch.org\/fr\/wp-json\/wp\/v2\/posts\/1641\/revisions\/1652"}],"wp:featuredmedia":[{"embeddable":true,"href":"https:\/\/emdr-ch.org\/fr\/wp-json\/wp\/v2\/media\/1632"}],"wp:attachment":[{"href":"https:\/\/emdr-ch.org\/fr\/wp-json\/wp\/v2\/media?parent=1641"}],"wp:term":[{"taxonomy":"category","embeddable":true,"href":"https:\/\/emdr-ch.org\/fr\/wp-json\/wp\/v2\/categories?post=1641"},{"taxonomy":"post_tag","embeddable":true,"href":"https:\/\/emdr-ch.org\/fr\/wp-json\/wp\/v2\/tags?post=1641"}],"curies":[{"name":"wp","href":"https:\/\/api.w.org\/{rel}","templated":true}]}}