{"id":1970,"date":"2020-08-25T08:51:58","date_gmt":"2020-08-25T06:51:58","guid":{"rendered":"https:\/\/emdr-ch.org\/?p=1970"},"modified":"2021-06-06T20:59:42","modified_gmt":"2021-06-06T18:59:42","slug":"formation-les-defis-du-travail-en-emdr-chez-les-personnes-evitantes","status":"publish","type":"post","link":"https:\/\/emdr-ch.org\/fr\/formation-les-defis-du-travail-en-emdr-chez-les-personnes-evitantes\/","title":{"rendered":"Formation : Les d\u00e9fis du travail en EMDR chez les personnes \u00e9vitantes"},"content":{"rendered":"<p><strong><strong>Jeudi 29 avril 2021, 16.00 &#8211; 19.30<br \/>\n<\/strong><\/strong><\/p>\n<p><strong>Formatrice: Mano\u00eblle Hopchet, Psychologue clinicienne <\/strong><\/p>\n<div><strong><span class=\"_Xbe\">d\u00e9finitivement en ligne, par zoom<\/span><\/strong><\/div>\n<div><\/div>\n<div>Le travail en EMDR sur les m\u00e9moires autobiographiques n\u00e9gatives ou sur les exp\u00e9riences\u00a0traumatiques se r\u00e9v\u00e8le parfois plus compliqu\u00e9 chez des personnes \u00e9vitantes. Le processus de retraitement a du mal \u00e0 d\u00e9marrer, l\u2019affect est peu ou pas pr\u00e9sent, ou dispara\u00eet rapidement, la personne a du mal \u00e0 nommer ce qu\u2019elle ressent ou \u00e9vite d\u2019aller vers le point \u00e9motionnellement charg\u00e9. Le syst\u00e8me nerveux autonome semble \u00eatre dans un \u00e9tat d\u2019hypoactivation.<\/div>\n<div><\/div>\n<div class=\"ce_text\">\n<p><strong>Le workshop :<\/strong> Nous verrons les diff\u00e9rents cas de figure o\u00f9 l\u2019\u00e9vitement appara\u00eet et auxquels le praticien EMDR peut \u00eatre confront\u00e9. Nous verrons quelles sont les th\u00e9matiques importantes \u00e0 retraiter chez les personnes \u00e9vitantes, le r\u00f4le des croyances bloquantes, le rythme du retraitement. Nous aborderons aussi un aspect plus clinique dans le travail de retraitement : nous tenterons de comprendre l\u2019\u00e9vitement comme un comportement d\u00e9fensif parfois utile pour le patient. Nous verrons comment l\u2019EMDR peut \u00eatre utilis\u00e9 dans ces cas selon le protocole de Jim Knipe (e.a). Nous apercevrons l\u2019importance de diff\u00e9rencier comportement d\u2019\u00e9vitement et trait de personnalit\u00e9 \u00e9vitant et plus , d\u2019une structure de personnalit\u00e9 \u00e9vitante et dans ce dernier cas l\u2019importance de la dynamique intra- et interpersonnelle et l\u2019EMDR. Les objectifs de ce workshop :<\/p>\n<ul>\n<li>rep\u00e9rer lorsqu\u2019il y a de l\u2019\u00e9vitement dans le processus et distinguer l\u2019\u00e9vitement de la dissociation traumatique<\/li>\n<li>comprendre les th\u00e9matiques\/cognitions \u00e0 travailler\/ les croyances bloquantes<\/li>\n<li>analyser la relation corps\/affect et le SUD<\/li>\n<li>utilisation des protocoles utiles (Jim Knipe\u2026)<\/li>\n<li>la relation interpersonnelle chez les personnes \u00e9vitantes dans la m\u00e9thode de l\u2019EMDR<\/li>\n<li>comprendre le rythme de retraitement en EMDR des personnes \u00e9vitantes<\/li>\n<li>faire la distinction entre l\u2019\u00e9vitement en tant que comportement, trait et structure de personnalit\u00e9<\/li>\n<\/ul>\n<p><strong>Inscriptions jusqu\u2019au 31 mars 2021<\/strong> aupr\u00e8s du secr\u00e9tariat de l\u2019association Suisse EMDR :\u00a0<a href=\"mailto:info@emdr-ch.org\">info@emdr-ch.org<\/a>. L\u2019atelier sera gratuit pour les membres d\u2019EMDR Suisse \u00e0 jour de leur cotisation. Les personnes NON membres d\u2019EMDR Suisse devront s\u2019acquitter de frais de participation \u00e0 hauteur de 120 CHF.<\/p>\n<\/div>\n","protected":false},"excerpt":{"rendered":"<p>Jeudi 29 avril 2021, 16.00 &#8211; 19.30 Formatrice: Mano\u00eblle Hopchet, Psychologue clinicienne d\u00e9finitivement en ligne, par zoom Le travail en EMDR sur les m\u00e9moires autobiographiques n\u00e9gatives ou sur les exp\u00e9riences\u00a0traumatiques se r\u00e9v\u00e8le parfois plus compliqu\u00e9 chez des personnes \u00e9vitantes. Le processus de retraitement a du mal \u00e0 d\u00e9marrer, l\u2019affect est peu ou pas pr\u00e9sent, ou<\/p>\n","protected":false},"author":4,"featured_media":1976,"comment_status":"closed","ping_status":"open","sticky":false,"template":"","format":"standard","meta":{"footnotes":""},"categories":[23],"tags":[],"class_list":["post-1970","post","type-post","status-publish","format-standard","has-post-thumbnail","hentry","category-news-fr"],"_links":{"self":[{"href":"https:\/\/emdr-ch.org\/fr\/wp-json\/wp\/v2\/posts\/1970","targetHints":{"allow":["GET"]}}],"collection":[{"href":"https:\/\/emdr-ch.org\/fr\/wp-json\/wp\/v2\/posts"}],"about":[{"href":"https:\/\/emdr-ch.org\/fr\/wp-json\/wp\/v2\/types\/post"}],"author":[{"embeddable":true,"href":"https:\/\/emdr-ch.org\/fr\/wp-json\/wp\/v2\/users\/4"}],"replies":[{"embeddable":true,"href":"https:\/\/emdr-ch.org\/fr\/wp-json\/wp\/v2\/comments?post=1970"}],"version-history":[{"count":4,"href":"https:\/\/emdr-ch.org\/fr\/wp-json\/wp\/v2\/posts\/1970\/revisions"}],"predecessor-version":[{"id":2619,"href":"https:\/\/emdr-ch.org\/fr\/wp-json\/wp\/v2\/posts\/1970\/revisions\/2619"}],"wp:featuredmedia":[{"embeddable":true,"href":"https:\/\/emdr-ch.org\/fr\/wp-json\/wp\/v2\/media\/1976"}],"wp:attachment":[{"href":"https:\/\/emdr-ch.org\/fr\/wp-json\/wp\/v2\/media?parent=1970"}],"wp:term":[{"taxonomy":"category","embeddable":true,"href":"https:\/\/emdr-ch.org\/fr\/wp-json\/wp\/v2\/categories?post=1970"},{"taxonomy":"post_tag","embeddable":true,"href":"https:\/\/emdr-ch.org\/fr\/wp-json\/wp\/v2\/tags?post=1970"}],"curies":[{"name":"wp","href":"https:\/\/api.w.org\/{rel}","templated":true}]}}