{"id":2756,"date":"2021-09-23T09:51:21","date_gmt":"2021-09-23T07:51:21","guid":{"rendered":"https:\/\/emdr-ch.org\/?p=2756"},"modified":"2021-09-23T10:00:34","modified_gmt":"2021-09-23T08:00:34","slug":"nouvelle-etude-sur-la-reconsolidation-de-la-memoire-de-la-peur","status":"publish","type":"post","link":"https:\/\/emdr-ch.org\/fr\/nouvelle-etude-sur-la-reconsolidation-de-la-memoire-de-la-peur\/","title":{"rendered":"Nouvelle \u00e9tude sur la reconsolidation de la m\u00e9moire de la peur"},"content":{"rendered":"<p>L&rsquo;\u00e9tude du chercheur zurichois <a href=\"https:\/\/www.usz.ch\/team\/christoph-mueller-pfeiffer\/\">PD Dr. med. Christoph Mueller-Pfeiffer<\/a>, qui a \u00e9t\u00e9 cofinanc\u00e9e entre autres par EMDR Suisse, peut \u00eatre publi\u00e9e dans le c\u00e9l\u00e8bre journal \u00ab\u00a0International Journal of Psychophysiology\u00a0\u00bb. L&rsquo;\u00e9tude a examin\u00e9 l&rsquo;efficacit\u00e9 des mouvements oculaires pour perturber la reconsolidation des souvenirs de peur conditionn\u00e9e. Les r\u00e9sultats montrent que les r\u00e9ponses de la m\u00e9moire de peur conditionn\u00e9e r\u00e9activ\u00e9e des participants qui ont effectu\u00e9 des mouvements oculaires apr\u00e8s une courte latence \u00e9taient significativement plus faibles que celles des participants qui n&rsquo;avaient pas effectu\u00e9 de mouvements oculaires. Les auteurs concluent que ce r\u00e9sultat soutient la th\u00e8se selon laquelle l&rsquo;EMDR peut emp\u00eacher la reconsolidation de la m\u00e9moire de peur r\u00e9activ\u00e9e.<\/p>\n<p>Lisez <a href=\"https:\/\/www.sciencedirect.com\/science\/article\/pii\/S0167876021001525\">ici l&rsquo;article de notre conf\u00e9rencier<\/a> lors de notre assembl\u00e9e g\u00e9n\u00e9rale 2019.<\/p>\n","protected":false},"excerpt":{"rendered":"<p>L&rsquo;\u00e9tude du chercheur zurichois PD Dr. med. Christoph Mueller-Pfeiffer, qui a \u00e9t\u00e9 cofinanc\u00e9e entre autres par EMDR Suisse, peut \u00eatre publi\u00e9e dans le c\u00e9l\u00e8bre journal \u00ab\u00a0International Journal of Psychophysiology\u00a0\u00bb. L&rsquo;\u00e9tude a examin\u00e9 l&rsquo;efficacit\u00e9 des mouvements oculaires pour perturber la reconsolidation des souvenirs de peur conditionn\u00e9e. Les r\u00e9sultats montrent que les r\u00e9ponses de la m\u00e9moire de<\/p>\n","protected":false},"author":4,"featured_media":2753,"comment_status":"closed","ping_status":"open","sticky":false,"template":"","format":"standard","meta":{"footnotes":""},"categories":[53],"tags":[],"class_list":["post-2756","post","type-post","status-publish","format-standard","has-post-thumbnail","hentry","category-artikel-fr"],"_links":{"self":[{"href":"https:\/\/emdr-ch.org\/fr\/wp-json\/wp\/v2\/posts\/2756","targetHints":{"allow":["GET"]}}],"collection":[{"href":"https:\/\/emdr-ch.org\/fr\/wp-json\/wp\/v2\/posts"}],"about":[{"href":"https:\/\/emdr-ch.org\/fr\/wp-json\/wp\/v2\/types\/post"}],"author":[{"embeddable":true,"href":"https:\/\/emdr-ch.org\/fr\/wp-json\/wp\/v2\/users\/4"}],"replies":[{"embeddable":true,"href":"https:\/\/emdr-ch.org\/fr\/wp-json\/wp\/v2\/comments?post=2756"}],"version-history":[{"count":2,"href":"https:\/\/emdr-ch.org\/fr\/wp-json\/wp\/v2\/posts\/2756\/revisions"}],"predecessor-version":[{"id":2764,"href":"https:\/\/emdr-ch.org\/fr\/wp-json\/wp\/v2\/posts\/2756\/revisions\/2764"}],"wp:featuredmedia":[{"embeddable":true,"href":"https:\/\/emdr-ch.org\/fr\/wp-json\/wp\/v2\/media\/2753"}],"wp:attachment":[{"href":"https:\/\/emdr-ch.org\/fr\/wp-json\/wp\/v2\/media?parent=2756"}],"wp:term":[{"taxonomy":"category","embeddable":true,"href":"https:\/\/emdr-ch.org\/fr\/wp-json\/wp\/v2\/categories?post=2756"},{"taxonomy":"post_tag","embeddable":true,"href":"https:\/\/emdr-ch.org\/fr\/wp-json\/wp\/v2\/tags?post=2756"}],"curies":[{"name":"wp","href":"https:\/\/api.w.org\/{rel}","templated":true}]}}