{"id":4448,"date":"2024-05-30T09:27:24","date_gmt":"2024-05-30T07:27:24","guid":{"rendered":"https:\/\/emdr-ch.org\/?p=4448"},"modified":"2024-05-30T09:27:24","modified_gmt":"2024-05-30T07:27:24","slug":"atelier-emdr-suisse-et-ag","status":"publish","type":"post","link":"https:\/\/emdr-ch.org\/fr\/atelier-emdr-suisse-et-ag\/","title":{"rendered":"Atelier EMDR Suisse et AG"},"content":{"rendered":"<h5>Invitation \u00e0 la pr\u00e9sentation d&rsquo;EMDR Suisse et \u00e0 l&rsquo;AG<\/h5>\n<p>Eva M\u00fcnker-Kramer est directrice de l&rsquo;Institut EMDR Austria et vice-pr\u00e9sidente d&rsquo;EMDR Europe. Elle nous aidera \u00e0 reconna\u00eetre et \u00e0 surmonter les obstacles typiques de la th\u00e9rapie EMDR. Vous trouverez de plus amples informations dans le <a href=\"https:\/\/emdr-ch.org\/wp-content\/uploads\/2024\/05\/2024_Workshop-Muenker-Kramer_FR.pdf\">d\u00e9pliant<\/a>.<br \/>\nLa pr\u00e9sentation sera suivie de l&rsquo;assembl\u00e9e g\u00e9n\u00e9rale annuelle.<br \/>\nLes deux auront lieu en direct sur place ou en ligne, pour les deux il y aura une traduction simultan\u00e9e en fran\u00e7ais et en italien. Lieu : KV Business School Zurich, Sihlpostgasse 2, 8004 Zurich (directement \u00e0 la gare centrale).<\/p>\n<p><strong>Inscriptions jusqu&rsquo;au 28 ao\u00fbt 2024 par e-mail au secr\u00e9tariat <a href=\"mailto:info@emdr-ch.org\">info@emdr-ch.org<\/a>.<\/strong><br \/>\n<i>Atelier gratuit pour les membres d\u2019EMDR Suisse \u00e0 jour de leur cotisation.\u00a0<\/i><i>CHF 120.- pour les non-membres (condition minimale : dipl\u00f4me en\u00a0<\/i><i>psychoth\u00e9rapie ou psychiatrie reconnu au niveau f\u00e9d\u00e9ral)<\/i><\/p>\n<p><strong>\u00a0<\/strong><\/p>\n","protected":false},"excerpt":{"rendered":"<p>Invitation \u00e0 la pr\u00e9sentation d&rsquo;EMDR Suisse et \u00e0 l&rsquo;AG Eva M\u00fcnker-Kramer est directrice de l&rsquo;Institut EMDR Austria et vice-pr\u00e9sidente d&rsquo;EMDR Europe. Elle nous aidera \u00e0 reconna\u00eetre et \u00e0 surmonter les obstacles typiques de la th\u00e9rapie EMDR. Vous trouverez de plus amples informations dans le d\u00e9pliant. La pr\u00e9sentation sera suivie de l&rsquo;assembl\u00e9e g\u00e9n\u00e9rale annuelle. Les deux<\/p>\n","protected":false},"author":4,"featured_media":4444,"comment_status":"closed","ping_status":"open","sticky":false,"template":"","format":"standard","meta":{"footnotes":""},"categories":[23],"tags":[],"class_list":["post-4448","post","type-post","status-publish","format-standard","has-post-thumbnail","hentry","category-news-fr"],"_links":{"self":[{"href":"https:\/\/emdr-ch.org\/fr\/wp-json\/wp\/v2\/posts\/4448","targetHints":{"allow":["GET"]}}],"collection":[{"href":"https:\/\/emdr-ch.org\/fr\/wp-json\/wp\/v2\/posts"}],"about":[{"href":"https:\/\/emdr-ch.org\/fr\/wp-json\/wp\/v2\/types\/post"}],"author":[{"embeddable":true,"href":"https:\/\/emdr-ch.org\/fr\/wp-json\/wp\/v2\/users\/4"}],"replies":[{"embeddable":true,"href":"https:\/\/emdr-ch.org\/fr\/wp-json\/wp\/v2\/comments?post=4448"}],"version-history":[{"count":1,"href":"https:\/\/emdr-ch.org\/fr\/wp-json\/wp\/v2\/posts\/4448\/revisions"}],"predecessor-version":[{"id":4452,"href":"https:\/\/emdr-ch.org\/fr\/wp-json\/wp\/v2\/posts\/4448\/revisions\/4452"}],"wp:featuredmedia":[{"embeddable":true,"href":"https:\/\/emdr-ch.org\/fr\/wp-json\/wp\/v2\/media\/4444"}],"wp:attachment":[{"href":"https:\/\/emdr-ch.org\/fr\/wp-json\/wp\/v2\/media?parent=4448"}],"wp:term":[{"taxonomy":"category","embeddable":true,"href":"https:\/\/emdr-ch.org\/fr\/wp-json\/wp\/v2\/categories?post=4448"},{"taxonomy":"post_tag","embeddable":true,"href":"https:\/\/emdr-ch.org\/fr\/wp-json\/wp\/v2\/tags?post=4448"}],"curies":[{"name":"wp","href":"https:\/\/api.w.org\/{rel}","templated":true}]}}